{"id":3657,"date":"2013-08-13T10:30:34","date_gmt":"2013-08-13T10:30:34","guid":{"rendered":"http:\/\/therhinoresort.com\/en\/?p=2685"},"modified":"2016-10-30T12:11:55","modified_gmt":"2016-10-30T12:11:55","slug":"fc-barcelona-at-the-rhino-resort-hotel-spa-2","status":"publish","type":"post","link":"https:\/\/therhinoresort.com\/fr\/fc-barcelone-a-lhotel-the-rhino-resort-hotel-spa-2\/","title":{"rendered":"FC Barcelone \u00e0 l\u2019h\u00f4tel The Rhino Resort Hotel &#038; Spa"},"content":{"rendered":"<p>[vc_row][vc_column][vc_single_image image=\u00a0\u00bb10163&Prime; img_size=\u00a0\u00bbfull\u00a0\u00bb][vc_empty_space height=\u00a0\u00bb20px\u00a0\u00bb][\/vc_column][\/vc_row][vc_row][vc_column width=\u00a0\u00bb2\/3&Prime;][vc_single_image image=\u00a0\u00bb10371&Prime; img_size=\u00a0\u00bblarge\u00a0\u00bb alignment=\u00a0\u00bbcenter\u00a0\u00bb style=\u00a0\u00bbvc_box_shadow_3d\u00a0\u00bb onclick=\u00a0\u00bbzoom\u00a0\u00bb css_animation=\u00a0\u00bbright-to-left\u00a0\u00bb][vc_separator border_width=\u00a0\u00bb4&Prime;][vc_row_inner][vc_column_inner width=\u00a0\u00bb1\/2&Prime;][\/vc_column_inner][vc_column_inner width=\u00a0\u00bb1\/2&Prime;][vc_column_text]L\u2019Equipe Junior du FC BARCELONE \u00e9tait pr\u00e9sente \u00e0 l\u2019h\u00f4tel THE RHINO RESORT HOTEL &amp; SPA, dans le cadre du 1er Tournoi International de Football U17 de SALY-MBOUR qui c\u2019est d\u00e9roul\u00e9 du 18 au 23 juin 2013. L\u2019inauguration du stade Caroline Faye a eu lieu lors de la finale, en pr\u00e9sence des Premier Ministre et Ministre des sports du S\u00e9n\u00e9gal.[\/vc_column_text][\/vc_column_inner][\/vc_row_inner][vc_empty_space height=\u00a0\u00bb20px\u00a0\u00bb][\/vc_column][vc_column width=\u00a0\u00bb1\/3&Prime;][vc_wp_custommenu nav_menu=\u00a0\u00bb13&Prime;][vc_single_image image=\u00a0\u00bb9534&Prime; img_size=\u00a0\u00bb50&#215;50&Prime; onclick=\u00a0\u00bbcustom_link\u00a0\u00bb link=\u00a0\u00bbhttp:\/\/www.therhinoresort.com\/news\u00a0\u00bb]<div class=\"headline-box\"><div class=\"separator-large\"><\/div><h1 class=\"headline\" style=\"text-align:left\">Le FC Barcelone log\u00e9 au Rhino<\/h1><div class=\"separator-large\"><\/div><\/div>[\/vc_column][\/vc_row][vc_row][vc_column][vc_empty_space][rev_slider_vc alias=\u00a0\u00bbrhino_sections_slider\u00a0\u00bb][\/vc_column][\/vc_row]<\/p>","protected":false},"excerpt":{"rendered":"<p>[vc_row][vc_column][vc_single_image image=\u00a0\u00bb10163&Prime; img_size=\u00a0\u00bbfull\u00a0\u00bb][vc_empty_space height=\u00a0\u00bb20px\u00a0\u00bb][\/vc_column][\/vc_row][vc_row][vc_column width=\u00a0\u00bb2\/3&Prime;][vc_single_image image=\u00a0\u00bb10371&Prime; img_size=\u00a0\u00bblarge\u00a0\u00bb alignment=\u00a0\u00bbcenter\u00a0\u00bb style=\u00a0\u00bbvc_box_shadow_3d\u00a0\u00bb onclick=\u00a0\u00bbzoom\u00a0\u00bb css_animation=\u00a0\u00bbright-to-left\u00a0\u00bb][vc_separator border_width=\u00a0\u00bb4&Prime;][vc_row_inner][vc_column_inner width=\u00a0\u00bb1\/2&Prime;][\/vc_column_inner][vc_column_inner width=\u00a0\u00bb1\/2&Prime;][vc_column_text]L\u2019Equipe Junior du FC BARCELONE \u00e9tait pr\u00e9sente \u00e0 l\u2019h\u00f4tel THE RHINO RESORT HOTEL &amp; SPA, dans le cadre du 1er Tournoi International de Football U17 de SALY-MBOUR qui c\u2019est d\u00e9roul\u00e9 du 18 au 23 juin 2013. L\u2019inauguration du stade Caroline Faye a eu lieu lors de la finale, en pr\u00e9sence des Premier Ministre et Ministre des sports du S\u00e9n\u00e9gal.[\/vc_column_text][\/vc_column_inner][\/vc_row_inner][vc_empty_space height=\u00a0\u00bb20px\u00a0\u00bb][\/vc_column][vc_column width=\u00a0\u00bb1\/3&Prime;][vc_wp_custommenu nav_menu=\u00a0\u00bb13&Prime;][vc_single_image image=\u00a0\u00bb9534&Prime; img_size=\u00a0\u00bb50&#215;50&Prime; onclick=\u00a0\u00bbcustom_link\u00a0\u00bb link=\u00a0\u00bbhttp:\/\/www.therhinoresort.com\/news\u00a0\u00bb][\/vc_column][\/vc_row][vc_row][vc_column][vc_empty_space][rev_slider_vc alias=\u00a0\u00bbrhino_sections_slider\u00a0\u00bb][\/vc_column][\/vc_row]<\/p>\n","protected":false},"author":1,"featured_media":0,"comment_status":"closed","ping_status":"closed","sticky":false,"template":"","format":"standard","meta":[],"categories":[1],"tags":[],"_links":{"self":[{"href":"https:\/\/therhinoresort.com\/fr\/wp-json\/wp\/v2\/posts\/3657"}],"collection":[{"href":"https:\/\/therhinoresort.com\/fr\/wp-json\/wp\/v2\/posts"}],"about":[{"href":"https:\/\/therhinoresort.com\/fr\/wp-json\/wp\/v2\/types\/post"}],"author":[{"embeddable":true,"href":"https:\/\/therhinoresort.com\/fr\/wp-json\/wp\/v2\/users\/1"}],"replies":[{"embeddable":true,"href":"https:\/\/therhinoresort.com\/fr\/wp-json\/wp\/v2\/comments?post=3657"}],"version-history":[{"count":9,"href":"https:\/\/therhinoresort.com\/fr\/wp-json\/wp\/v2\/posts\/3657\/revisions"}],"predecessor-version":[{"id":10594,"href":"https:\/\/therhinoresort.com\/fr\/wp-json\/wp\/v2\/posts\/3657\/revisions\/10594"}],"wp:attachment":[{"href":"https:\/\/therhinoresort.com\/fr\/wp-json\/wp\/v2\/media?parent=3657"}],"wp:term":[{"taxonomy":"category","embeddable":true,"href":"https:\/\/therhinoresort.com\/fr\/wp-json\/wp\/v2\/categories?post=3657"},{"taxonomy":"post_tag","embeddable":true,"href":"https:\/\/therhinoresort.com\/fr\/wp-json\/wp\/v2\/tags?post=3657"}],"curies":[{"name":"wp","href":"https:\/\/api.w.org\/{rel}","templated":true}]}}